{"id":9604,"date":"2025-07-31T11:57:12","date_gmt":"2025-07-31T09:57:12","guid":{"rendered":"https:\/\/smart-arbeitsrecht.de\/?p=9604"},"modified":"2025-09-11T10:17:31","modified_gmt":"2025-09-11T08:17:31","slug":"mutterschutz-und-elternzeit-im-ueberblick-was-eltern-wissen-sollten","status":"publish","type":"post","link":"https:\/\/smart-arbeitsrecht.de\/tr\/mutterschutz-und-elternzeit-im-ueberblick-was-eltern-wissen-sollten\/","title":{"rendered":"Annelik korumas\u0131 ve ebeveyn izni hakk\u0131nda genel bak\u0131\u015f: Ebeveynlerin bilmesi gerekenler"},"content":{"rendered":"<p>Anne adaylar\u0131, do\u011fum izni ve ebeveyn izni konusunda s\u0131kl\u0131kla cevaps\u0131z bir\u00e7ok soruyla kar\u015f\u0131 kar\u015f\u0131ya kalmaktad\u0131r. \u0130ki d\u00fczenleme aras\u0131ndaki farklar her zaman net de\u011fildir.<br>Buna, yasal gereklilikler ve bunlar\u0131n g\u00fcnl\u00fck hayattaki pratik uygulamalar\u0131na ili\u015fkin belirsizlikler de eklendi\u011finde, mevcut yasal \u00e7er\u00e7eve hakk\u0131nda bilgi sahibi olmak ve konuya a\u015fina olmak daha da \u00f6nemli hale geliyor.<\/p>\n\n\n<div class=\"wp-block-image\">\n<figure class=\"alignright size-full is-resized\"><img loading=\"lazy\" decoding=\"async\" width=\"5120\" height=\"3328\" src=\"https:\/\/smart-arbeitsrecht.de\/wp-content\/uploads\/2025\/07\/AdobeStock_1544831572-1.jpeg\" alt=\"\" class=\"wp-image-9606\" style=\"width:410px;height:auto\" srcset=\"https:\/\/smart-arbeitsrecht.de\/wp-content\/uploads\/2025\/07\/AdobeStock_1544831572-1.jpeg 5120w, https:\/\/smart-arbeitsrecht.de\/wp-content\/uploads\/2025\/07\/AdobeStock_1544831572-1-300x195.jpeg 300w, https:\/\/smart-arbeitsrecht.de\/wp-content\/uploads\/2025\/07\/AdobeStock_1544831572-1-1024x666.jpeg 1024w, https:\/\/smart-arbeitsrecht.de\/wp-content\/uploads\/2025\/07\/AdobeStock_1544831572-1-768x499.jpeg 768w, https:\/\/smart-arbeitsrecht.de\/wp-content\/uploads\/2025\/07\/AdobeStock_1544831572-1-1536x998.jpeg 1536w, https:\/\/smart-arbeitsrecht.de\/wp-content\/uploads\/2025\/07\/AdobeStock_1544831572-1-2048x1331.jpeg 2048w\" sizes=\"auto, (max-width: 5120px) 100vw, 5120px\" \/><figcaption class=\"wp-element-caption\"><strong>Konuyla ilgili sorular\u0131n\u0131z m\u0131 var?<\/strong> L\u00fctfen benimle telefonla ileti\u015fime ge\u00e7in <a href=\"tel:040524717830\">040 524 717 830<\/a> veya e-posta yoluyla <a href=\"mailto:lugowski@smart-arbeitsrecht.de\">lugowski@smart-arbeitsrecht.de<\/a><\/figcaption><\/figure><\/div>\n\n\n<p><strong>Do\u011fum izni mi, ebeveyn izni mi? Aradaki fark a\u00e7\u0131k\u00e7a a\u00e7\u0131kland\u0131<\/strong><\/p>\n\n\n\n<p>Anal\u0131k korumas\u0131 ile ebeveyn izni aras\u0131ndaki fark\u0131 net bir \u015fekilde ay\u0131rt edebilmek i\u00e7in her iki terimi de yak\u0131ndan incelemek faydal\u0131 olacakt\u0131r.<\/p>\n\n\n\n<p>Annelik korumas\u0131, yaln\u0131zca do\u011fumdan hemen \u00f6nce ve sonra hamile kad\u0131nlar ve anneler i\u00e7in ge\u00e7erlidir. Bu s\u00fcre zarf\u0131nda, Annelik Koruma Kanunu&#039;nda belirtildi\u011fi gibi \u00f6zel yasal korumadan yararlan\u0131rlar. Bu d\u00fczenlemeler, \u00f6ncelikle bu hassas d\u00f6nemdeki \u00e7al\u0131\u015fma ko\u015fullar\u0131 ve sa\u011fl\u0131k korumas\u0131n\u0131 kapsar.<\/p>\n\n\n\n<p>Hamile bir anne olarak haklar\u0131n\u0131zdan emin de\u011fil misiniz? \u0130\u015f hukuku b\u00fcromuzda dan\u0131\u015fmanl\u0131k randevusu almaktan \u00e7ekinmeyin; size yetkin ve g\u00fcvenilir destek sa\u011flayaca\u011f\u0131m.<\/p>\n\n\n\n<div class=\"toc\">\n<h2>Sizi neler bekliyor:<\/h2>\n<ol>\n<li><a href=\"#1\">Annelik korumas\u0131 ve ebeveyn izni: \u00d6nemli d\u00fczenlemelere genel bak\u0131\u015f\n<\/a><\/li>\n<li><a href=\"#2\">Annelik korumas\u0131 ve ebeveyn izni: Birbiriyle \u00f6rt\u00fc\u015fmesi m\u00fcmk\u00fcn m\u00fc?\n<\/a><\/li>\n<li><a href=\"#3\">Ebeveyn izni s\u0131ras\u0131nda tekrar gebelik durumunda nelere dikkat edilmelidir?\n<\/a><\/li>\n<\/ol>\n<\/div>\n\n\n\n<h2 class=\"wp-block-heading\" id=\"1\">Annelik korumas\u0131 ve ebeveyn izni: \u00d6nemli d\u00fczenlemelere genel bak\u0131\u015f<\/h2>\n\n\n\n<p>&nbsp;Annelik Koruma Yasas\u0131 (MuSchG), hamile kad\u0131nlara ve gen\u00e7 annelere \u00f6zel haklar sa\u011flamaktad\u0131r. En \u00f6nemli h\u00fck\u00fcmler \u015funlard\u0131r:<\/p>\n\n\n\n<ul class=\"wp-block-list\">\n<li>Hamilelik ve do\u011fum sonras\u0131 d\u00f6nemde \u00e7al\u0131\u015fma yasa\u011f\u0131 yasal olarak bulunmaktad\u0131r.<\/li>\n\n\n\n<li>Bu s\u00fcre zarf\u0131nda annelere maddi tazminat olarak do\u011fum yard\u0131m\u0131 \u00f6denir.<\/li>\n\n\n\n<li>\u0130\u015ften \u00e7\u0131kar\u0131lmaya kar\u015f\u0131 \u00f6zel koruma, hamile kad\u0131nlar\u0131 ve anneleri i\u015f kayb\u0131na kar\u015f\u0131 korur.<\/li>\n\n\n\n<li>Gebelerin gece, pazar ve tatil g\u00fcnlerinde \u00e7al\u0131\u015ft\u0131r\u0131lmas\u0131 yasakt\u0131r.<\/li>\n\n\n\n<li>Hamilelik d\u00f6neminde tehlikeli veya fiziksel olarak zorlay\u0131c\u0131 aktiviteler yap\u0131lmamal\u0131d\u0131r.<\/li>\n\n\n\n<li>Annelik korumas\u0131 genellikle beklenen do\u011fum tarihinden alt\u0131 hafta \u00f6nce ba\u015flar.<\/li>\n\n\n\n<li>Do\u011fumdan sonra sekiz hafta \u00e7al\u0131\u015fma yasa\u011f\u0131 var, erken do\u011fum veya \u00e7o\u011ful do\u011fumlarda bu s\u00fcre on iki haftaya kadar uzat\u0131l\u0131yor.<\/li>\n<\/ul>\n\n\n\n<p>The <strong>Ebeveyn izni<\/strong> anal\u0131k korumas\u0131ndan \u00f6nemli \u00f6l\u00e7\u00fcde farkl\u0131d\u0131r:<\/p>\n\n\n\n<ul class=\"wp-block-list\">\n<li>Do\u011fumdan sonra ba\u015fl\u0131yor ve sadece anneye de\u011fil; babalara, koruyucu ailelere veya istisnai durumlarda b\u00fcy\u00fckanne ve b\u00fcy\u00fckbabalara da ba\u015fvuru yap\u0131labiliyor.<\/li>\n\n\n\n<li>Ebeveyn izninin amac\u0131, \u00e7ocu\u011fun ya\u015fam\u0131n\u0131n ilk y\u0131llar\u0131nda bak\u0131m\u0131n\u0131 ve yeti\u015ftirilmesini sa\u011flamakt\u0131r.<\/li>\n\n\n\n<li>\u00c7ocuk ba\u015f\u0131na en fazla \u00fc\u00e7 y\u0131l s\u00fcreyle devam edebilir ve \u00e7ocu\u011fun sekizinci ya\u015f g\u00fcn\u00fcne kadar esnek bir \u015fekilde b\u00f6l\u00fcnebilir.<\/li>\n<\/ul>\n\n\n\n<h2 class=\"wp-block-heading\" id=\"2\">Annelik korumas\u0131 ve ebeveyn izni: Birbiriyle \u00f6rt\u00fc\u015fmesi m\u00fcmk\u00fcn m\u00fc?<\/h2>\n\n\n\n<p>Ebeveyn izni ile anal\u0131k izninin \u00f6rt\u00fc\u015f\u00fcp \u00f6rt\u00fc\u015fmedi\u011fi ebeveyn iznini kimin kulland\u0131\u011f\u0131na ba\u011fl\u0131d\u0131r:<\/p>\n\n\n\n<ul class=\"wp-block-list\">\n<li><strong>Anneler i\u00e7in<\/strong> \u00c7ak\u0131\u015fma durumu s\u00f6z konusu de\u011fildir; do\u011fum izninde veya ebeveyn izninde olabilirsiniz, ancak ayn\u0131 anda ikisi birden olamaz. Ebeveyn izni, do\u011fum izninden hemen sonra ba\u015flayabilir. \u00d6nemli: Do\u011fum izni s\u00fcresi (do\u011fumdan sonraki sekiz veya on iki hafta) ebeveyn iznine say\u0131l\u0131r (Ebeveyn \u0130zni Yasas\u0131&#039;n\u0131n (BEEG) 15. Maddesi (2) 3. C\u00fcmlesi), bu nedenle ebeveyn izni buna g\u00f6re azalt\u0131l\u0131r.<br><\/li>\n\n\n\n<li><strong>Babalar i\u00e7in<\/strong> \u00c7ak\u0131\u015fma m\u00fcmk\u00fcnd\u00fcr. Baba do\u011fumdan \u00f6nce ebeveyn iznine ba\u015fvurursa, bu izin annenin do\u011fum izniyle \u00e7ak\u0131\u015fabilir. Baban\u0131n ebeveyn izni, \u00fc\u00e7 y\u0131la kadar tam s\u00fcre boyunca ge\u00e7erli kal\u0131r.<br><\/li>\n<\/ul>\n\n\n\n<p>Do\u011fum izni veya ebeveyn izni hakk\u0131nda sorular\u0131n\u0131z m\u0131 var? \u0130\u015f hukuku dan\u0131\u015fmanl\u0131k hizmetlerim arac\u0131l\u0131\u011f\u0131yla haklar\u0131n\u0131z\u0131 netle\u015ftirmenize ve taleplerinizi yerine getirmenize yard\u0131mc\u0131 olmaktan mutluluk duyar\u0131m.<\/p>\n\n\n\n<h2 class=\"wp-block-heading\" id=\"3\">Ebeveyn izni s\u0131ras\u0131nda tekrar gebelik durumunda nelere dikkat edilmelidir?<\/h2>\n\n\n\n<p>Bir anne ebeveyn iznindeyken tekrar hamile kal\u0131rsa, iznin kesilip daha sonra devam ettirilip ettirilemeyece\u011fi sorusu s\u0131kl\u0131kla akla gelir. Cevap: Evet, m\u00fcmk\u00fcnd\u00fcr.<\/p>\n\n\n\n<p>Yeni hamileli\u011finiz ve do\u011fum izninizin planlanan sonland\u0131r\u0131lmas\u0131 hakk\u0131nda i\u015fvereninizi m\u00fcmk\u00fcn olan en k\u0131sa s\u00fcrede bilgilendirmeniz \u00f6nemlidir. Kalan do\u011fum izni i\u00e7in do\u011fum izninden sonra ve gerekirse bir sonraki do\u011fum izni d\u00f6neminden sonra tekrar ba\u015fvuruda bulunup kullanabilirsiniz.<\/p>\n\n\n\n<p><strong>U\u00e7:<\/strong> \u0130\u015fverenle zaman\u0131nda ve a\u00e7\u0131k ileti\u015fim, yanl\u0131\u015f anlamalar\u0131n \u00f6nlenmesine ve planlaman\u0131n sorunsuz ilerlemesine yard\u0131mc\u0131 olur.<br>Bunun hukuki dayana\u011f\u0131 BEEG Madde 16 Paragraf 3\u2019te bulunabilir.<\/p>\n\n\n\n<p>Ebeveyn izni veya do\u011fum izni korumas\u0131 hakk\u0131nda sorular\u0131n\u0131z m\u0131 var? \u0130\u015f hukuku b\u00fcromda size ki\u015fisel olarak dan\u0131\u015fmanl\u0131k vermekten memnuniyet duyar\u0131m; yetkin, tutkulu ve bireysel ihtiya\u00e7lar\u0131n\u0131z\u0131 g\u00f6zeterek.<\/p>","protected":false},"excerpt":{"rendered":"<p>Bir\u00e7ok anne aday\u0131, do\u011fum izni ile ebeveyn izni aras\u0131ndaki farklar\u0131 ve hangi yasal d\u00fczenlemelerin ge\u00e7erli oldu\u011funu merak ediyor. Bu makale, en \u00f6nemli yasal ilkelere dair net bir genel bak\u0131\u015f sunuyor.<\/p>","protected":false},"author":1,"featured_media":9605,"comment_status":"closed","ping_status":"closed","sticky":false,"template":"","format":"standard","meta":{"footnotes":""},"categories":[1],"tags":[24,27,26],"class_list":["post-9604","post","type-post","status-publish","format-standard","has-post-thumbnail","hentry","category-allgemein","tag-arbeitsrecht","tag-elternzeit","tag-mutterschutz"],"acf":[],"yoast_head":"<!-- This site is optimized with the Yoast SEO plugin v26.5 - https:\/\/yoast.com\/wordpress\/plugins\/seo\/ -->\n<title>Mutterschutz und Elternzeit im \u00dcberblick: Was Eltern wissen sollten | Smart-Arbeitsrecht<\/title>\n<meta name=\"description\" content=\"In Schleswig-Holstein bleibt die Position der Gleichstellungsbeauftragten im \u00f6ffentlichen Dienst ausschlie\u00dflich Frauen vorbehalten.\" \/>\n<meta name=\"robots\" content=\"index, follow, max-snippet:-1, max-image-preview:large, max-video-preview:-1\" \/>\n<link rel=\"canonical\" href=\"https:\/\/smart-arbeitsrecht.de\/tr\/mutterschutz-und-elternzeit-im-ueberblick-was-eltern-wissen-sollten\/\" \/>\n<meta property=\"og:locale\" content=\"tr_TR\" \/>\n<meta property=\"og:type\" content=\"article\" \/>\n<meta property=\"og:title\" content=\"Mutterschutz und Elternzeit im \u00dcberblick: Was Eltern wissen sollten | Smart-Arbeitsrecht\" \/>\n<meta property=\"og:description\" content=\"In Schleswig-Holstein bleibt die Position der Gleichstellungsbeauftragten im \u00f6ffentlichen Dienst ausschlie\u00dflich Frauen vorbehalten.\" \/>\n<meta property=\"og:url\" content=\"https:\/\/smart-arbeitsrecht.de\/tr\/mutterschutz-und-elternzeit-im-ueberblick-was-eltern-wissen-sollten\/\" \/>\n<meta property=\"og:site_name\" content=\"Smart-Arbeitsrecht\" \/>\n<meta property=\"article:published_time\" content=\"2025-07-31T09:57:12+00:00\" \/>\n<meta property=\"article:modified_time\" content=\"2025-09-11T08:17:31+00:00\" \/>\n<meta property=\"og:image\" content=\"https:\/\/smart-arbeitsrecht.de\/wp-content\/uploads\/2025\/07\/AdobeStock_1544831572-1024x666.jpeg\" \/>\n\t<meta property=\"og:image:width\" content=\"1024\" \/>\n\t<meta property=\"og:image:height\" content=\"666\" \/>\n\t<meta property=\"og:image:type\" content=\"image\/jpeg\" \/>\n<meta name=\"author\" content=\"Raphael Lugowski\" \/>\n<meta name=\"twitter:card\" content=\"summary_large_image\" \/>\n<meta name=\"twitter:label1\" content=\"Yazan:\" \/>\n\t<meta name=\"twitter:data1\" content=\"Raphael Lugowski\" \/>\n\t<meta name=\"twitter:label2\" content=\"Tahmini okuma s\u00fcresi\" \/>\n\t<meta name=\"twitter:data2\" content=\"4 dakika\" \/>\n<script type=\"application\/ld+json\" class=\"yoast-schema-graph\">{\"@context\":\"https:\/\/schema.org\",\"@graph\":[{\"@type\":\"WebPage\",\"@id\":\"https:\/\/smart-arbeitsrecht.de\/mutterschutz-und-elternzeit-im-ueberblick-was-eltern-wissen-sollten\/\",\"url\":\"https:\/\/smart-arbeitsrecht.de\/mutterschutz-und-elternzeit-im-ueberblick-was-eltern-wissen-sollten\/\",\"name\":\"Mutterschutz und Elternzeit im \u00dcberblick: Was Eltern wissen sollten | Smart-Arbeitsrecht\",\"isPartOf\":{\"@id\":\"https:\/\/smart-arbeitsrecht.de\/#website\"},\"primaryImageOfPage\":{\"@id\":\"https:\/\/smart-arbeitsrecht.de\/mutterschutz-und-elternzeit-im-ueberblick-was-eltern-wissen-sollten\/#primaryimage\"},\"image\":{\"@id\":\"https:\/\/smart-arbeitsrecht.de\/mutterschutz-und-elternzeit-im-ueberblick-was-eltern-wissen-sollten\/#primaryimage\"},\"thumbnailUrl\":\"https:\/\/smart-arbeitsrecht.de\/wp-content\/uploads\/2025\/07\/AdobeStock_1544831572.jpeg\",\"author\":{\"@id\":\"https:\/\/smart-arbeitsrecht.de\/#\/schema\/person\/aa572512b09294d8a6b4243ad3039813\"},\"description\":\"In Schleswig-Holstein bleibt die Position der Gleichstellungsbeauftragten im \u00f6ffentlichen Dienst ausschlie\u00dflich Frauen vorbehalten.\",\"breadcrumb\":{\"@id\":\"https:\/\/smart-arbeitsrecht.de\/mutterschutz-und-elternzeit-im-ueberblick-was-eltern-wissen-sollten\/#breadcrumb\"},\"inLanguage\":\"tr\",\"potentialAction\":[{\"@type\":\"ReadAction\",\"target\":[\"https:\/\/smart-arbeitsrecht.de\/mutterschutz-und-elternzeit-im-ueberblick-was-eltern-wissen-sollten\/\"]}]},{\"@type\":\"ImageObject\",\"inLanguage\":\"tr\",\"@id\":\"https:\/\/smart-arbeitsrecht.de\/mutterschutz-und-elternzeit-im-ueberblick-was-eltern-wissen-sollten\/#primaryimage\",\"url\":\"https:\/\/smart-arbeitsrecht.de\/wp-content\/uploads\/2025\/07\/AdobeStock_1544831572.jpeg\",\"contentUrl\":\"https:\/\/smart-arbeitsrecht.de\/wp-content\/uploads\/2025\/07\/AdobeStock_1544831572.jpeg\",\"width\":5120,\"height\":3328,\"caption\":\"Happy family with baby. Parents enjoy time at home with cute little daughter. Dad, mom and infant girl smiling, laughing together, celebrating father day. Bonding, love care.\"},{\"@type\":\"BreadcrumbList\",\"@id\":\"https:\/\/smart-arbeitsrecht.de\/mutterschutz-und-elternzeit-im-ueberblick-was-eltern-wissen-sollten\/#breadcrumb\",\"itemListElement\":[{\"@type\":\"ListItem\",\"position\":1,\"name\":\"Startseite\",\"item\":\"https:\/\/smart-arbeitsrecht.de\/\"},{\"@type\":\"ListItem\",\"position\":2,\"name\":\"Mutterschutz und Elternzeit im \u00dcberblick: Was Eltern wissen sollten\"}]},{\"@type\":\"WebSite\",\"@id\":\"https:\/\/smart-arbeitsrecht.de\/#website\",\"url\":\"https:\/\/smart-arbeitsrecht.de\/\",\"name\":\"Smart-Arbeitsrecht\",\"description\":\"Kanzlei f\u00fcr Arbeitsrecht\",\"potentialAction\":[{\"@type\":\"SearchAction\",\"target\":{\"@type\":\"EntryPoint\",\"urlTemplate\":\"https:\/\/smart-arbeitsrecht.de\/?s={search_term_string}\"},\"query-input\":{\"@type\":\"PropertyValueSpecification\",\"valueRequired\":true,\"valueName\":\"search_term_string\"}}],\"inLanguage\":\"tr\"},{\"@type\":\"Person\",\"@id\":\"https:\/\/smart-arbeitsrecht.de\/#\/schema\/person\/aa572512b09294d8a6b4243ad3039813\",\"name\":\"Raphael Lugowski\",\"image\":{\"@type\":\"ImageObject\",\"inLanguage\":\"tr\",\"@id\":\"https:\/\/smart-arbeitsrecht.de\/#\/schema\/person\/image\/\",\"url\":\"https:\/\/secure.gravatar.com\/avatar\/bc641ff1de7bc0326348a21cebbd1ff6a5f98b1c8bb7023dcd498f809d0f2b7e?s=96&d=mm&r=g\",\"contentUrl\":\"https:\/\/secure.gravatar.com\/avatar\/bc641ff1de7bc0326348a21cebbd1ff6a5f98b1c8bb7023dcd498f809d0f2b7e?s=96&d=mm&r=g\",\"caption\":\"Raphael Lugowski\"},\"url\":\"https:\/\/smart-arbeitsrecht.de\/tr\/author\/raphael-lugowski\/\"}]}<\/script>\n<!-- \/ Yoast SEO plugin. -->","yoast_head_json":{"title":"Annelik korumas\u0131 ve ebeveyn izni hakk\u0131nda genel bak\u0131\u015f: Ebeveynlerin bilmesi gerekenler | Ak\u0131ll\u0131 \u0130\u015f Hukuku","description":"Schleswig-Holstein&#039;da kamu hizmetinde f\u0131rsat e\u015fitli\u011fi g\u00f6revlisi pozisyonu yaln\u0131zca kad\u0131nlara ayr\u0131lm\u0131\u015ft\u0131r.","robots":{"index":"index","follow":"follow","max-snippet":"max-snippet:-1","max-image-preview":"max-image-preview:large","max-video-preview":"max-video-preview:-1"},"canonical":"https:\/\/smart-arbeitsrecht.de\/tr\/mutterschutz-und-elternzeit-im-ueberblick-was-eltern-wissen-sollten\/","og_locale":"tr_TR","og_type":"article","og_title":"Mutterschutz und Elternzeit im \u00dcberblick: Was Eltern wissen sollten | Smart-Arbeitsrecht","og_description":"In Schleswig-Holstein bleibt die Position der Gleichstellungsbeauftragten im \u00f6ffentlichen Dienst ausschlie\u00dflich Frauen vorbehalten.","og_url":"https:\/\/smart-arbeitsrecht.de\/tr\/mutterschutz-und-elternzeit-im-ueberblick-was-eltern-wissen-sollten\/","og_site_name":"Smart-Arbeitsrecht","article_published_time":"2025-07-31T09:57:12+00:00","article_modified_time":"2025-09-11T08:17:31+00:00","og_image":[{"width":1024,"height":666,"url":"https:\/\/smart-arbeitsrecht.de\/wp-content\/uploads\/2025\/07\/AdobeStock_1544831572-1024x666.jpeg","type":"image\/jpeg"}],"author":"Raphael Lugowski","twitter_card":"summary_large_image","twitter_misc":{"Yazan:":"Raphael Lugowski","Tahmini okuma s\u00fcresi":"4 dakika"},"schema":{"@context":"https:\/\/schema.org","@graph":[{"@type":"WebPage","@id":"https:\/\/smart-arbeitsrecht.de\/mutterschutz-und-elternzeit-im-ueberblick-was-eltern-wissen-sollten\/","url":"https:\/\/smart-arbeitsrecht.de\/mutterschutz-und-elternzeit-im-ueberblick-was-eltern-wissen-sollten\/","name":"Annelik korumas\u0131 ve ebeveyn izni hakk\u0131nda genel bak\u0131\u015f: Ebeveynlerin bilmesi gerekenler | Ak\u0131ll\u0131 \u0130\u015f Hukuku","isPartOf":{"@id":"https:\/\/smart-arbeitsrecht.de\/#website"},"primaryImageOfPage":{"@id":"https:\/\/smart-arbeitsrecht.de\/mutterschutz-und-elternzeit-im-ueberblick-was-eltern-wissen-sollten\/#primaryimage"},"image":{"@id":"https:\/\/smart-arbeitsrecht.de\/mutterschutz-und-elternzeit-im-ueberblick-was-eltern-wissen-sollten\/#primaryimage"},"thumbnailUrl":"https:\/\/smart-arbeitsrecht.de\/wp-content\/uploads\/2025\/07\/AdobeStock_1544831572.jpeg","author":{"@id":"https:\/\/smart-arbeitsrecht.de\/#\/schema\/person\/aa572512b09294d8a6b4243ad3039813"},"description":"Schleswig-Holstein&#039;da kamu hizmetinde f\u0131rsat e\u015fitli\u011fi g\u00f6revlisi pozisyonu yaln\u0131zca kad\u0131nlara ayr\u0131lm\u0131\u015ft\u0131r.","breadcrumb":{"@id":"https:\/\/smart-arbeitsrecht.de\/mutterschutz-und-elternzeit-im-ueberblick-was-eltern-wissen-sollten\/#breadcrumb"},"inLanguage":"tr","potentialAction":[{"@type":"ReadAction","target":["https:\/\/smart-arbeitsrecht.de\/mutterschutz-und-elternzeit-im-ueberblick-was-eltern-wissen-sollten\/"]}]},{"@type":"ImageObject","inLanguage":"tr","@id":"https:\/\/smart-arbeitsrecht.de\/mutterschutz-und-elternzeit-im-ueberblick-was-eltern-wissen-sollten\/#primaryimage","url":"https:\/\/smart-arbeitsrecht.de\/wp-content\/uploads\/2025\/07\/AdobeStock_1544831572.jpeg","contentUrl":"https:\/\/smart-arbeitsrecht.de\/wp-content\/uploads\/2025\/07\/AdobeStock_1544831572.jpeg","width":5120,"height":3328,"caption":"Happy family with baby. Parents enjoy time at home with cute little daughter. Dad, mom and infant girl smiling, laughing together, celebrating father day. Bonding, love care."},{"@type":"BreadcrumbList","@id":"https:\/\/smart-arbeitsrecht.de\/mutterschutz-und-elternzeit-im-ueberblick-was-eltern-wissen-sollten\/#breadcrumb","itemListElement":[{"@type":"ListItem","position":1,"name":"Startseite","item":"https:\/\/smart-arbeitsrecht.de\/"},{"@type":"ListItem","position":2,"name":"Mutterschutz und Elternzeit im \u00dcberblick: Was Eltern wissen sollten"}]},{"@type":"WebSite","@id":"https:\/\/smart-arbeitsrecht.de\/#website","url":"https:\/\/smart-arbeitsrecht.de\/","name":"Ak\u0131ll\u0131 i\u015f hukuku","description":"\u0130\u015f hukuku firmas\u0131","potentialAction":[{"@type":"SearchAction","target":{"@type":"EntryPoint","urlTemplate":"https:\/\/smart-arbeitsrecht.de\/?s={search_term_string}"},"query-input":{"@type":"PropertyValueSpecification","valueRequired":true,"valueName":"search_term_string"}}],"inLanguage":"tr"},{"@type":"Person","@id":"https:\/\/smart-arbeitsrecht.de\/#\/schema\/person\/aa572512b09294d8a6b4243ad3039813","name":"Raphael Lugowski","image":{"@type":"ImageObject","inLanguage":"tr","@id":"https:\/\/smart-arbeitsrecht.de\/#\/schema\/person\/image\/","url":"https:\/\/secure.gravatar.com\/avatar\/bc641ff1de7bc0326348a21cebbd1ff6a5f98b1c8bb7023dcd498f809d0f2b7e?s=96&d=mm&r=g","contentUrl":"https:\/\/secure.gravatar.com\/avatar\/bc641ff1de7bc0326348a21cebbd1ff6a5f98b1c8bb7023dcd498f809d0f2b7e?s=96&d=mm&r=g","caption":"Raphael Lugowski"},"url":"https:\/\/smart-arbeitsrecht.de\/tr\/author\/raphael-lugowski\/"}]}},"_links":{"self":[{"href":"https:\/\/smart-arbeitsrecht.de\/tr\/wp-json\/wp\/v2\/posts\/9604","targetHints":{"allow":["GET"]}}],"collection":[{"href":"https:\/\/smart-arbeitsrecht.de\/tr\/wp-json\/wp\/v2\/posts"}],"about":[{"href":"https:\/\/smart-arbeitsrecht.de\/tr\/wp-json\/wp\/v2\/types\/post"}],"author":[{"embeddable":true,"href":"https:\/\/smart-arbeitsrecht.de\/tr\/wp-json\/wp\/v2\/users\/1"}],"replies":[{"embeddable":true,"href":"https:\/\/smart-arbeitsrecht.de\/tr\/wp-json\/wp\/v2\/comments?post=9604"}],"version-history":[{"count":2,"href":"https:\/\/smart-arbeitsrecht.de\/tr\/wp-json\/wp\/v2\/posts\/9604\/revisions"}],"predecessor-version":[{"id":9608,"href":"https:\/\/smart-arbeitsrecht.de\/tr\/wp-json\/wp\/v2\/posts\/9604\/revisions\/9608"}],"wp:featuredmedia":[{"embeddable":true,"href":"https:\/\/smart-arbeitsrecht.de\/tr\/wp-json\/wp\/v2\/media\/9605"}],"wp:attachment":[{"href":"https:\/\/smart-arbeitsrecht.de\/tr\/wp-json\/wp\/v2\/media?parent=9604"}],"wp:term":[{"taxonomy":"category","embeddable":true,"href":"https:\/\/smart-arbeitsrecht.de\/tr\/wp-json\/wp\/v2\/categories?post=9604"},{"taxonomy":"post_tag","embeddable":true,"href":"https:\/\/smart-arbeitsrecht.de\/tr\/wp-json\/wp\/v2\/tags?post=9604"}],"curies":[{"name":"wp","href":"https:\/\/api.w.org\/{rel}","templated":true}]}}